{"id":2077,"date":"2025-04-03T12:33:44","date_gmt":"2025-04-03T12:33:44","guid":{"rendered":"https:\/\/hdaf.ffri.hr\/?p=2077"},"modified":"2025-04-10T07:09:20","modified_gmt":"2025-04-10T07:09:20","slug":"the-legacy-of-nenads-philosophical-thought-conference-programme","status":"publish","type":"post","link":"https:\/\/hdaf.ffri.hr\/?p=2077","title":{"rendered":"&#8221;THE LEGACY OF NENAD&#8217;S PHILOSOPHICAL THOUGHT&#8221; CONFERENCE PROGRAMME"},"content":{"rendered":"\n<p>Veliko nam je zadovoljstvo pozvati vas na filozofsku konferenciju<strong> &#8220;Naslje\u0111e Nenadove filozofske misli&#8221;<\/strong>, posve\u0107enu izuzetnom doprinosu filozofiji na\u0161eg nedavno preminulog kolege i prijatelja prof. dr. sc. Nenada Mi\u0161\u010devi\u0107a.<\/p>\n\n\n\n<p>Konferencija \u0107e se odr\u017eati 10. i 11. travnja u zgradi Rektorata Sveu\u010dili\u0161ta u Rijeci, Trg bra\u0107e Ma\u017eurani\u0107 10, 51000 Rijeka, Hrvatska.<\/p>\n\n\n\n<p>Program konferencije nalazi se u privitku.<\/p>\n\n\n\n<p>Neka od izlaganja na konferenciji \u0107e biti online. U programu mo\u017eete vidjeti o kojim predavanjima se radi. Poveznice za online izlaganje se nalaze&nbsp;ovdje:<\/p>\n\n\n\n<p>Thursday April 10th:&nbsp;<a rel=\"noreferrer noopener\" target=\"_blank\" href=\"https:\/\/us02web.zoom.us\/j\/87519678392?pwd=LkWjA5sJjOdochvmm4ERwVwvZxUUb7.1\">https:\/\/us02web.zoom.us\/j\/87519678392?pwd=LkWjA5sJjOdochvmm4ERwVwvZxUUb7.1<\/a><br>Friday April 11th:&nbsp;<a rel=\"noreferrer noopener\" target=\"_blank\" href=\"https:\/\/us02web.zoom.us\/j\/89671272779?pwd=GaEKErR2ut6Liz9zC10bvPe7EW52TO.1\">https:\/\/us02web.zoom.us\/j\/89671272779?pwd=GaEKErR2ut6Liz9zC10bvPe7EW52TO.1<\/a><br><\/p>\n\n\n\n<p>&#8212;<\/p>\n\n\n\n<p>It is our great pleasure to invite you to the philosophical conference <strong>&#8220;<\/strong><em>The Legacy of Nenad&#8217;s Philosophical Thought<\/em>&#8220;, dedicated to the outstanding contribution to philosophy made by our recently departed colleague and friend, Prof. Nenad Mi\u0161\u010devi\u0107.<\/p>\n\n\n\n<p>The conference will take place on April 10\u201311 at the Rectorate of the University of Rijeka, Trg bra\u0107e Ma\u017eurani\u0107 10, 51000 Rijeka, Croatia.<\/p>\n\n\n\n<p>The conference program and the book of abstracts can be found below.<\/p>\n\n\n\n<p>Some of the talks will be held online. You can find information about those talks in the conference program. Links to online talks are the following: <\/p>\n\n\n\n<p>Thursday April 10th:&nbsp;<a href=\"https:\/\/us02web.zoom.us\/j\/87519678392?pwd=LkWjA5sJjOdochvmm4ERwVwvZxUUb7.1\" target=\"_blank\" rel=\"noreferrer noopener\">https:\/\/us02web.zoom.us\/j\/87519678392?pwd=LkWjA5sJjOdochvmm4ERwVwvZxUUb7.1<\/a><br>Friday April 11th:&nbsp;<a href=\"https:\/\/us02web.zoom.us\/j\/89671272779?pwd=GaEKErR2ut6Liz9zC10bvPe7EW52TO.1\" target=\"_blank\" rel=\"noreferrer noopener\">https:\/\/us02web.zoom.us\/j\/89671272779?pwd=GaEKErR2ut6Liz9zC10bvPe7EW52TO.1<\/a><br><\/p>\n\n\n\n<div data-wp-interactive=\"core\/file\" class=\"wp-block-file\"><object data-wp-bind--hidden=\"!state.hasPdfPreview\" hidden class=\"wp-block-file__embed\" data=\"https:\/\/hdaf.ffri.hr\/wp-content\/uploads\/2025\/04\/Program-Filozofska_konferencija-4_2025.pdf\" type=\"application\/pdf\" style=\"width:100%;height:600px\" aria-label=\"Embed of Program-Filozofska_konferencija-4_2025.\"><\/object><a id=\"wp-block-file--media-c9e1ddd5-019a-4800-9190-608a99e270e1\" href=\"https:\/\/hdaf.ffri.hr\/wp-content\/uploads\/2025\/04\/Program-Filozofska_konferencija-4_2025.pdf\">Program-Filozofska_konferencija-4_2025<\/a><a href=\"https:\/\/hdaf.ffri.hr\/wp-content\/uploads\/2025\/04\/Program-Filozofska_konferencija-4_2025.pdf\" class=\"wp-block-file__button wp-element-button\" download aria-describedby=\"wp-block-file--media-c9e1ddd5-019a-4800-9190-608a99e270e1\">Download<\/a><\/div>\n\n\n\n<div data-wp-interactive=\"core\/file\" class=\"wp-block-file\"><object data-wp-bind--hidden=\"!state.hasPdfPreview\" hidden class=\"wp-block-file__embed\" data=\"https:\/\/hdaf.ffri.hr\/wp-content\/uploads\/2025\/04\/Book-Of-Abstracts_Nenads-Philosophical-Thought.pdf\" type=\"application\/pdf\" style=\"width:100%;height:600px\" aria-label=\"Embed of Book Of Abstracts_Nenads Philosophical Thought.\"><\/object><a id=\"wp-block-file--media-e228e573-7ee3-4137-a77b-18605abb6162\" href=\"https:\/\/hdaf.ffri.hr\/wp-content\/uploads\/2025\/04\/Book-Of-Abstracts_Nenads-Philosophical-Thought.pdf\">Book Of Abstracts_Nenads Philosophical Thought<\/a><a href=\"https:\/\/hdaf.ffri.hr\/wp-content\/uploads\/2025\/04\/Book-Of-Abstracts_Nenads-Philosophical-Thought.pdf\" class=\"wp-block-file__button wp-element-button\" download aria-describedby=\"wp-block-file--media-e228e573-7ee3-4137-a77b-18605abb6162\">Download<\/a><\/div>\n","protected":false},"excerpt":{"rendered":"<p>Veliko nam je zadovoljstvo pozvati vas na filozofsku konferenciju &#8220;Naslje\u0111e Nenadove filozofske misli&#8221;, posve\u0107enu izuzetnom doprinosu filozofiji na\u0161eg nedavno preminulog kolege i prijatelja prof. dr. sc. Nenada Mi\u0161\u010devi\u0107a. Konferencija \u0107e se odr\u017eati 10. i 11. travnja u zgradi Rektorata Sveu\u010dili\u0161ta u Rijeci, Trg bra\u0107e Ma\u017eurani\u0107 10, 51000 Rijeka, Hrvatska. Program konferencije nalazi se u privitku. Neka od izlaganja na konferenciji<\/p>\n","protected":false},"author":2,"featured_media":0,"comment_status":"open","ping_status":"open","sticky":false,"template":"","format":"standard","meta":{"_exactmetrics_skip_tracking":false,"_exactmetrics_sitenote_active":false,"_exactmetrics_sitenote_note":"","_exactmetrics_sitenote_category":0,"footnotes":""},"categories":[1],"tags":[],"class_list":["post-2077","post","type-post","status-publish","format-standard","hentry","category-news"],"_links":{"self":[{"href":"https:\/\/hdaf.ffri.hr\/index.php?rest_route=\/wp\/v2\/posts\/2077","targetHints":{"allow":["GET"]}}],"collection":[{"href":"https:\/\/hdaf.ffri.hr\/index.php?rest_route=\/wp\/v2\/posts"}],"about":[{"href":"https:\/\/hdaf.ffri.hr\/index.php?rest_route=\/wp\/v2\/types\/post"}],"author":[{"embeddable":true,"href":"https:\/\/hdaf.ffri.hr\/index.php?rest_route=\/wp\/v2\/users\/2"}],"replies":[{"embeddable":true,"href":"https:\/\/hdaf.ffri.hr\/index.php?rest_route=%2Fwp%2Fv2%2Fcomments&post=2077"}],"version-history":[{"count":6,"href":"https:\/\/hdaf.ffri.hr\/index.php?rest_route=\/wp\/v2\/posts\/2077\/revisions"}],"predecessor-version":[{"id":2090,"href":"https:\/\/hdaf.ffri.hr\/index.php?rest_route=\/wp\/v2\/posts\/2077\/revisions\/2090"}],"wp:attachment":[{"href":"https:\/\/hdaf.ffri.hr\/index.php?rest_route=%2Fwp%2Fv2%2Fmedia&parent=2077"}],"wp:term":[{"taxonomy":"category","embeddable":true,"href":"https:\/\/hdaf.ffri.hr\/index.php?rest_route=%2Fwp%2Fv2%2Fcategories&post=2077"},{"taxonomy":"post_tag","embeddable":true,"href":"https:\/\/hdaf.ffri.hr\/index.php?rest_route=%2Fwp%2Fv2%2Ftags&post=2077"}],"curies":[{"name":"wp","href":"https:\/\/api.w.org\/{rel}","templated":true}]}}